{"id":45,"date":"2020-03-05T14:48:35","date_gmt":"2020-03-05T13:48:35","guid":{"rendered":"http:\/\/photonensammler.info\/?p=45"},"modified":"2020-03-05T14:50:00","modified_gmt":"2020-03-05T13:50:00","slug":"juhu-wolkenlos-also-fast","status":"publish","type":"post","link":"https:\/\/photonensammler.info\/?p=45","title":{"rendered":"Juhu, wolkenlos, also fast&#8230;"},"content":{"rendered":"\n<p>Seit nun fast 3 Wochen habe ich hier keinen freien Himmel mehr gesehen. Der Neumond kam&#8230; und ging &#8230; das Wetter war Erbarmungslos und gew\u00e4hrte nicht einmal einen Blick auf die Sterne. <\/p>\n\n\n\n<p>Aber eigentlich war es ja klar. Jetzt wo ich eine neue Kamera habe und hei\u00df darauf bin sie endlich mal auf dem Tracker auszuprobieren&#8230; <\/p>\n\n\n\n<p>Clearsky meldete die letzten Tage nicht einmal einen freien Himmel in der Vorhersagezeit. Doch pl\u00f6tzlich, ich sitze im B\u00fcro, starre auf meinen Bildschirm, trifft mich eine Art Strahlung und macht mein Display unleserliche. Nach kurzer Verwunderung musste ich feststellen, dass wirklich die Wolken zur\u00fcckgegangen und die Sonne herausgekommen ist!<\/p>\n\n\n\n<p>Nat\u00fcrlich habe ich sie sofort ausgesperrt, bin IT-ler und habe zu tun, aber die Hoffnung w\u00e4chst, dass sich die Situation bis zum Sonnenuntergang h\u00e4lt und mir endlich ein paar n\u00e4chtliche Aufnahmen mit meiner neuen Kamera geg\u00f6nnt werden.  <\/p>\n\n\n\n<p>Der Feierabend naht und der Himmel klart weiter auf. Schnell heim und Abendessen. Nachdem meine Frau gemerkt hat, dass ich mich schon sehr auf einen wolkenlosen Abend freue, \u00fcbernahm sie die Kinderversorgung und lie\u00df mich dankenswerterweise gleich mit der Kiste voll Equipment auf den Dachboden. <\/p>\n\n\n\n<p>An meiner gem\u00fctlichen Dachklappe angekommen dann die Ern\u00fcchterung&#8230;<\/p>\n\n\n\n<p><strong>\u00dcberall Schleierwolken, kaum freies Sichtfeld. <\/strong><\/p>\n\n\n\n<p>Naja, nachdem hier und da doch immer wieder L\u00fccken in den Wolken waren habe ich zumindest die Chance genutzt mal die neue Kamera mit dem Funk-Intervallausl\u00f6ser zu testen. <\/p>\n\n\n\n<p>Beim stapeln und strecken hat sich dann ein recht fleckiges Bild ergeben. Zumindest war hier schon sichtbar, dass mein altes Minolta MD 50mm f\/1.4 an der A7 eine ordentliche Sch\u00e4rfe zeigt. Leider erst auf f\/2.8 abgeblendet. Offener ist es schon sehr weich, was aber bei den alten Linsen recht \u00fcblich ist und bei Portraits auch sehr stimmig ist. <\/p>\n\n\n\n<p>Da mein Dachfenster nach Norden ausgerichtet ist, was f\u00fcr die Einnordung ja essentiell ist, bleiben einem doch nur eingeschr\u00e4nkte Ziele die man fotografieren kann. <\/p>\n\n\n\n<p>Ich hatte mich einfach mal auf Kassiopeia eingestellt und mit den 50mm auch noch M31 &#8211; unsere Nachbargalaxie Andromeda und ganz oben, die Plejaden aufs Bild bekommen. <\/p>\n\n\n\n<p>Hier mal ein einzelnes sub aus der Aufnahmereihe. Man sieht klar die Schleierwolken und auch zwei lustige StarLink Satelliten die immer h\u00e4ufiger ein kleines &#8222;Photo bombing&#8220; betreiben&#8230;<\/p>\n\n\n\n<figure class=\"wp-block-image size-large\"><a href=\"https:\/\/i0.wp.com\/photonensammler.info\/wp-content\/uploads\/2020\/03\/DSC08311-scaled.jpg?ssl=1\" target=\"_blank\" rel=\"noreferrer noopener\"><img data-recalc-dims=\"1\" loading=\"lazy\" decoding=\"async\" width=\"924\" height=\"616\" src=\"https:\/\/i0.wp.com\/photonensammler.info\/wp-content\/uploads\/2020\/03\/DSC08311.jpg?resize=924%2C616&#038;ssl=1\" alt=\"\" class=\"wp-image-62\" srcset=\"https:\/\/i0.wp.com\/photonensammler.info\/wp-content\/uploads\/2020\/03\/DSC08311-scaled.jpg?resize=1024%2C683&amp;ssl=1 1024w, https:\/\/i0.wp.com\/photonensammler.info\/wp-content\/uploads\/2020\/03\/DSC08311-scaled.jpg?resize=300%2C200&amp;ssl=1 300w, https:\/\/i0.wp.com\/photonensammler.info\/wp-content\/uploads\/2020\/03\/DSC08311-scaled.jpg?resize=768%2C512&amp;ssl=1 768w, https:\/\/i0.wp.com\/photonensammler.info\/wp-content\/uploads\/2020\/03\/DSC08311-scaled.jpg?resize=1536%2C1024&amp;ssl=1 1536w, https:\/\/i0.wp.com\/photonensammler.info\/wp-content\/uploads\/2020\/03\/DSC08311-scaled.jpg?resize=2048%2C1365&amp;ssl=1 2048w, https:\/\/i0.wp.com\/photonensammler.info\/wp-content\/uploads\/2020\/03\/DSC08311-scaled.jpg?resize=924%2C616&amp;ssl=1 924w, https:\/\/i0.wp.com\/photonensammler.info\/wp-content\/uploads\/2020\/03\/DSC08311-scaled.jpg?resize=671%2C447&amp;ssl=1 671w, https:\/\/i0.wp.com\/photonensammler.info\/wp-content\/uploads\/2020\/03\/DSC08311-scaled.jpg?w=1848&amp;ssl=1 1848w\" sizes=\"auto, (max-width: 924px) 100vw, 924px\" \/><\/a><figcaption>Sony A7 &#8211; Minolta MD 50mm 1.4 @ f2.8 &#8211; 120 sec<\/figcaption><\/figure>\n\n\n\n<p>Am Ende waren es dann gerade mal 6 halbwegs brauchbare Aufnahmen a 120 Sekunden. Jede Aufnahme hatte aber eine andere Verteilung von d\u00fcnnen Schleierwolken. Gut war schon mal, dass meine recht grobe Einnordung der Minitrack LX Montierung bei 50mm und 120 Sekunden sehr sch\u00f6ne punktf\u00f6rmige Sterne ergab. Das Teil gef\u00e4llt mir wirklich sehr gut. Da werde ich noch einen separaten Bericht dazu schreiben. <\/p>\n\n\n\n<p>Mangels mehr Fotos habe ich dann doch mal geschaut was man aus den paar verschleierten Aufnahmen so an Photonen sch\u00fcrfen kann. <\/p>\n\n\n\n<p>Ich habe bei den Aufnahmen einen groben Wei\u00dfabgleich durchgef\u00fchrt, die Vignette entfernt und dann einfach mal, samt den Schleierwolken mit Starry Sky Stacker (bin auf Mac unterwegs) gestapelt. <\/p>\n\n\n\n<p>Also berauschend ist das Ergebnis nicht, aber da ich mich noch recht am Anfang meiner Reise befinde, kann mich sowas schon begeistern. Wenn man seine ersten eigenen Ergebnisse betrachtet f\u00e4llt es zwar nicht immer leicht in Vergleiche mit den gro\u00dfen Vorbildern der Astrofotografen zu verfallen. Da wirkt das eigene Bild pl\u00f6tzlich wie ein Schnappschuss mit der Handykamera&#8230; Aber wenn man selbst damit anf\u00e4ngt, sich immer weiter ran tastet und bemerkt wie sich die Ergebnisse langsam verbessern, ist es trotzdem immer wieder eine m\u00e4chtige Motivation. Man darf zum Einstieg einfach nicht zu viel in Vergleiche verfallen und sollte nicht vergessen, dass bei den tollen Fotos die man so im Internet finden kann immer Jahre an Erfahrung und manchmal auch tausende von Euro an Equipment drin stecken. <\/p>\n\n\n\n<p>Ihr werdet sehen, dass selbst die ersten unscheinbarsten Ergebnisse eine riesige Freude bereiten und ihr es garnicht abwarten k\u00f6nnt, dass endlich die n\u00e4chste passende Nacht kommt in dem Mond, Wetter und Jahreszeit passt. <\/p>\n\n\n\n<p>Hier nun aber das Bild. Besonders sch\u00f6n finde ich immer wie die verschiedenen Farben der Sterne im Foto zur Geltung kommen. Links unten ist recht gut die Andromedagalaxie zu erkennen. Im rechten Drittel dann das charakteristische &#8222;W&#8220; von Kassiopeia. Ganz oben am Rand (leider angeschnitten) die Plejaden. <\/p>\n\n\n\n<figure class=\"wp-block-image size-large\"><a href=\"https:\/\/i0.wp.com\/photonensammler.info\/wp-content\/uploads\/2020\/03\/DSC08305-Median-scaled.jpg?ssl=1\" target=\"_blank\" rel=\"noreferrer noopener\"><img data-recalc-dims=\"1\" loading=\"lazy\" decoding=\"async\" width=\"924\" height=\"616\" src=\"https:\/\/i0.wp.com\/photonensammler.info\/wp-content\/uploads\/2020\/03\/DSC08305-Median.jpg?resize=924%2C616&#038;ssl=1\" alt=\"\" class=\"wp-image-48\" srcset=\"https:\/\/i0.wp.com\/photonensammler.info\/wp-content\/uploads\/2020\/03\/DSC08305-Median-scaled.jpg?resize=1024%2C683&amp;ssl=1 1024w, https:\/\/i0.wp.com\/photonensammler.info\/wp-content\/uploads\/2020\/03\/DSC08305-Median-scaled.jpg?resize=300%2C200&amp;ssl=1 300w, https:\/\/i0.wp.com\/photonensammler.info\/wp-content\/uploads\/2020\/03\/DSC08305-Median-scaled.jpg?resize=768%2C512&amp;ssl=1 768w, https:\/\/i0.wp.com\/photonensammler.info\/wp-content\/uploads\/2020\/03\/DSC08305-Median-scaled.jpg?resize=1536%2C1024&amp;ssl=1 1536w, https:\/\/i0.wp.com\/photonensammler.info\/wp-content\/uploads\/2020\/03\/DSC08305-Median-scaled.jpg?resize=2048%2C1365&amp;ssl=1 2048w, https:\/\/i0.wp.com\/photonensammler.info\/wp-content\/uploads\/2020\/03\/DSC08305-Median-scaled.jpg?resize=924%2C616&amp;ssl=1 924w, https:\/\/i0.wp.com\/photonensammler.info\/wp-content\/uploads\/2020\/03\/DSC08305-Median-scaled.jpg?resize=671%2C447&amp;ssl=1 671w, https:\/\/i0.wp.com\/photonensammler.info\/wp-content\/uploads\/2020\/03\/DSC08305-Median-scaled.jpg?w=1848&amp;ssl=1 1848w\" sizes=\"auto, (max-width: 924px) 100vw, 924px\" \/><\/a><figcaption>Sony A7 &#8211; Minolta MD 50mm 1.4 @ f2.8 &#8211; 6 x 120 sec<\/figcaption><\/figure>\n\n\n\n<p>F\u00fcr gerade mal 12 Minuten Licht, Wolken und 50% Mond, fand ich den Detailreichtum schon echt beeindruckend. Ich freue mich schon auf das erste mal mit den neuen Spielsachen bei freiem, dunklen Himmel. <\/p>\n","protected":false},"excerpt":{"rendered":"<p>Seit nun fast 3 Wochen habe ich hier keinen freien Himmel mehr gesehen. Der Neumond kam&#8230; und ging &#8230; das Wetter war Erbarmungslos und gew\u00e4hrte nicht einmal einen Blick auf die Sterne. Aber eigentlich war es ja klar. Jetzt wo ich eine neue Kamera habe und hei\u00df darauf bin sie endlich mal auf dem Tracker [&hellip;]<\/p>\n","protected":false},"author":1,"featured_media":0,"comment_status":"open","ping_status":"open","sticky":false,"template":"","format":"standard","meta":{"_jetpack_memberships_contains_paid_content":false,"footnotes":""},"categories":[6,11],"tags":[7,9,8,10],"class_list":["post-45","post","type-post","status-publish","format-standard","hentry","category-astro","category-blog","tag-astro","tag-blog","tag-foto","tag-sony-a7"],"jetpack_featured_media_url":"","jetpack_sharing_enabled":true,"_links":{"self":[{"href":"https:\/\/photonensammler.info\/index.php?rest_route=\/wp\/v2\/posts\/45","targetHints":{"allow":["GET"]}}],"collection":[{"href":"https:\/\/photonensammler.info\/index.php?rest_route=\/wp\/v2\/posts"}],"about":[{"href":"https:\/\/photonensammler.info\/index.php?rest_route=\/wp\/v2\/types\/post"}],"author":[{"embeddable":true,"href":"https:\/\/photonensammler.info\/index.php?rest_route=\/wp\/v2\/users\/1"}],"replies":[{"embeddable":true,"href":"https:\/\/photonensammler.info\/index.php?rest_route=%2Fwp%2Fv2%2Fcomments&post=45"}],"version-history":[{"count":9,"href":"https:\/\/photonensammler.info\/index.php?rest_route=\/wp\/v2\/posts\/45\/revisions"}],"predecessor-version":[{"id":66,"href":"https:\/\/photonensammler.info\/index.php?rest_route=\/wp\/v2\/posts\/45\/revisions\/66"}],"wp:attachment":[{"href":"https:\/\/photonensammler.info\/index.php?rest_route=%2Fwp%2Fv2%2Fmedia&parent=45"}],"wp:term":[{"taxonomy":"category","embeddable":true,"href":"https:\/\/photonensammler.info\/index.php?rest_route=%2Fwp%2Fv2%2Fcategories&post=45"},{"taxonomy":"post_tag","embeddable":true,"href":"https:\/\/photonensammler.info\/index.php?rest_route=%2Fwp%2Fv2%2Ftags&post=45"}],"curies":[{"name":"wp","href":"https:\/\/api.w.org\/{rel}","templated":true}]}}