{"id":121,"date":"2020-05-08T23:23:31","date_gmt":"2020-05-08T22:23:31","guid":{"rendered":"http:\/\/photonensammler.info\/?p=121"},"modified":"2020-05-10T16:27:13","modified_gmt":"2020-05-10T15:27:13","slug":"vixen-114-900-erste-tests","status":"publish","type":"post","link":"https:\/\/photonensammler.info\/?p=121","title":{"rendered":"Vixen 114\/900 erste Tests"},"content":{"rendered":"\n<p>So, also hab ich nun ein eigenes Teleskop. Wollen wir also mal sehen was man damit so anstellen kann. <\/p>\n\n\n\n<p>Erstmal bei Tageslicht mit der Kamera Testen was 900mm Brennweite eigentlich bedeutet. Bisher hatte ich maximal 400mm Brennweite zur Verf\u00fcgung. Also hab ich das Ger\u00e4t erstmal mit einem T2 Adapter an die Sony a7 und meine alte A5100 gekoppelt und ein Testfoto von einem entfernten Objekt gemacht.<\/p>\n\n\n\n<p>Hier das Setting. Ein Ausblick aus meinem Fenster im ersten Stock auf einen Funkturm in etwa 1,2 km Entfernung.<\/p>\n\n\n\n<figure class=\"wp-block-image size-large\"><img data-recalc-dims=\"1\" loading=\"lazy\" decoding=\"async\" width=\"768\" height=\"1024\" src=\"https:\/\/i0.wp.com\/photonensammler.info\/wp-content\/uploads\/2020\/03\/IMG_3249-1.jpg?resize=768%2C1024&#038;ssl=1\" alt=\"\" class=\"wp-image-123\" srcset=\"https:\/\/i0.wp.com\/photonensammler.info\/wp-content\/uploads\/2020\/03\/IMG_3249-1.jpg?resize=768%2C1024&amp;ssl=1 768w, https:\/\/i0.wp.com\/photonensammler.info\/wp-content\/uploads\/2020\/03\/IMG_3249-1.jpg?resize=225%2C300&amp;ssl=1 225w, https:\/\/i0.wp.com\/photonensammler.info\/wp-content\/uploads\/2020\/03\/IMG_3249-1.jpg?resize=1152%2C1536&amp;ssl=1 1152w, https:\/\/i0.wp.com\/photonensammler.info\/wp-content\/uploads\/2020\/03\/IMG_3249-1.jpg?resize=924%2C1232&amp;ssl=1 924w, https:\/\/i0.wp.com\/photonensammler.info\/wp-content\/uploads\/2020\/03\/IMG_3249-1.jpg?resize=671%2C895&amp;ssl=1 671w, https:\/\/i0.wp.com\/photonensammler.info\/wp-content\/uploads\/2020\/03\/IMG_3249-1.jpg?w=1536&amp;ssl=1 1536w\" sizes=\"auto, (max-width: 768px) 100vw, 768px\" \/><figcaption>Foto mit 28mm Brennweite<\/figcaption><\/figure>\n\n\n\n<p>Und jetzt durch das Teleskop mit einem T2 Adapter an meiner Sony a7 im Vollformat. Also 900mm effektive Brennweite. <\/p>\n\n\n\n<figure class=\"wp-block-image size-large\"><img data-recalc-dims=\"1\" loading=\"lazy\" decoding=\"async\" width=\"683\" height=\"1024\" src=\"https:\/\/i0.wp.com\/photonensammler.info\/wp-content\/uploads\/2020\/03\/DSC08850-2.jpg?resize=683%2C1024&#038;ssl=1\" alt=\"\" class=\"wp-image-125\" srcset=\"https:\/\/i0.wp.com\/photonensammler.info\/wp-content\/uploads\/2020\/03\/DSC08850-2.jpg?resize=683%2C1024&amp;ssl=1 683w, https:\/\/i0.wp.com\/photonensammler.info\/wp-content\/uploads\/2020\/03\/DSC08850-2.jpg?resize=200%2C300&amp;ssl=1 200w, https:\/\/i0.wp.com\/photonensammler.info\/wp-content\/uploads\/2020\/03\/DSC08850-2.jpg?resize=768%2C1152&amp;ssl=1 768w, https:\/\/i0.wp.com\/photonensammler.info\/wp-content\/uploads\/2020\/03\/DSC08850-2.jpg?resize=1024%2C1536&amp;ssl=1 1024w, https:\/\/i0.wp.com\/photonensammler.info\/wp-content\/uploads\/2020\/03\/DSC08850-2.jpg?resize=924%2C1386&amp;ssl=1 924w, https:\/\/i0.wp.com\/photonensammler.info\/wp-content\/uploads\/2020\/03\/DSC08850-2.jpg?resize=671%2C1007&amp;ssl=1 671w, https:\/\/i0.wp.com\/photonensammler.info\/wp-content\/uploads\/2020\/03\/DSC08850-2.jpg?w=1365&amp;ssl=1 1365w\" sizes=\"auto, (max-width: 683px) 100vw, 683px\" \/><figcaption>Fiese Vignettierung an meiner Sony a7 im Kleinbildformat<\/figcaption><\/figure>\n\n\n\n<p>Ok, schon nicht schlecht. Die Ausrichtung ist nicht so einfach und die Vignettierung ist nat\u00fcrlich schlimm, aber im crop ist die Sch\u00e4rfe ziemlich beeindruckend, auch wenn diese mit dem Okularauszug nicht einfach einzustellen ist. <\/p>\n\n\n\n<p>Hier eine Ansicht bei 100% Crop und korrekter Ausrichtung. (Und Dreck auf dem Sensor&#8230;)<\/p>\n\n\n\n<figure class=\"wp-block-image size-large\"><img data-recalc-dims=\"1\" loading=\"lazy\" decoding=\"async\" width=\"769\" height=\"624\" src=\"https:\/\/i0.wp.com\/photonensammler.info\/wp-content\/uploads\/2020\/03\/Bild-30.03.20-um-00.26.jpeg?resize=769%2C624&#038;ssl=1\" alt=\"\" class=\"wp-image-127\" srcset=\"https:\/\/i0.wp.com\/photonensammler.info\/wp-content\/uploads\/2020\/03\/Bild-30.03.20-um-00.26.jpeg?w=769&amp;ssl=1 769w, https:\/\/i0.wp.com\/photonensammler.info\/wp-content\/uploads\/2020\/03\/Bild-30.03.20-um-00.26.jpeg?resize=300%2C243&amp;ssl=1 300w, https:\/\/i0.wp.com\/photonensammler.info\/wp-content\/uploads\/2020\/03\/Bild-30.03.20-um-00.26.jpeg?resize=671%2C544&amp;ssl=1 671w\" sizes=\"auto, (max-width: 769px) 100vw, 769px\" \/><\/figure>\n\n\n\n<p>Um der Vignettierung zu entgehen und noch etwas mehr heraus zu holen, habe ich meine alte Sony A5100 mit APS-C Sensor herausgeholt und an der Optik montiert. Damit kommen wir mit dem 1,5 er Crop Faktor auf effektive 1350mm. <\/p>\n\n\n\n<p>Hier das Ergebnis im Vollbild <\/p>\n\n\n\n<figure class=\"wp-block-image size-large\"><img data-recalc-dims=\"1\" loading=\"lazy\" decoding=\"async\" width=\"683\" height=\"1024\" src=\"https:\/\/i0.wp.com\/photonensammler.info\/wp-content\/uploads\/2020\/03\/DSC08746-2.jpg?resize=683%2C1024&#038;ssl=1\" alt=\"\" class=\"wp-image-128\" srcset=\"https:\/\/i0.wp.com\/photonensammler.info\/wp-content\/uploads\/2020\/03\/DSC08746-2.jpg?resize=683%2C1024&amp;ssl=1 683w, https:\/\/i0.wp.com\/photonensammler.info\/wp-content\/uploads\/2020\/03\/DSC08746-2.jpg?resize=200%2C300&amp;ssl=1 200w, https:\/\/i0.wp.com\/photonensammler.info\/wp-content\/uploads\/2020\/03\/DSC08746-2.jpg?resize=768%2C1152&amp;ssl=1 768w, https:\/\/i0.wp.com\/photonensammler.info\/wp-content\/uploads\/2020\/03\/DSC08746-2.jpg?resize=1024%2C1536&amp;ssl=1 1024w, https:\/\/i0.wp.com\/photonensammler.info\/wp-content\/uploads\/2020\/03\/DSC08746-2.jpg?resize=924%2C1386&amp;ssl=1 924w, https:\/\/i0.wp.com\/photonensammler.info\/wp-content\/uploads\/2020\/03\/DSC08746-2.jpg?resize=671%2C1007&amp;ssl=1 671w, https:\/\/i0.wp.com\/photonensammler.info\/wp-content\/uploads\/2020\/03\/DSC08746-2.jpg?w=1365&amp;ssl=1 1365w\" sizes=\"auto, (max-width: 683px) 100vw, 683px\" \/><figcaption>Sony A5100 &#8211; 1350mm Brennweite<\/figcaption><\/figure>\n\n\n\n<p>Mit 1,5.-fachem Cropfaktor ist die Vignettierung schonmal viel besser. Und hier der entsprechende 100% Crop<\/p>\n\n\n\n<figure class=\"wp-block-image size-large\"><img data-recalc-dims=\"1\" loading=\"lazy\" decoding=\"async\" width=\"769\" height=\"624\" src=\"https:\/\/i0.wp.com\/photonensammler.info\/wp-content\/uploads\/2020\/03\/Bild-30.03.20-um-00.25.jpeg?resize=769%2C624&#038;ssl=1\" alt=\"\" class=\"wp-image-129\" srcset=\"https:\/\/i0.wp.com\/photonensammler.info\/wp-content\/uploads\/2020\/03\/Bild-30.03.20-um-00.25.jpeg?w=769&amp;ssl=1 769w, https:\/\/i0.wp.com\/photonensammler.info\/wp-content\/uploads\/2020\/03\/Bild-30.03.20-um-00.25.jpeg?resize=300%2C243&amp;ssl=1 300w, https:\/\/i0.wp.com\/photonensammler.info\/wp-content\/uploads\/2020\/03\/Bild-30.03.20-um-00.25.jpeg?resize=671%2C544&amp;ssl=1 671w\" sizes=\"auto, (max-width: 769px) 100vw, 769px\" \/><figcaption>Sony A5100 &#8211; 100% Crop bei 1350mm Brennweite<\/figcaption><\/figure>\n\n\n\n<p>Jetzt kann ich mir etwas darunter vorstellen. Es bleibt nur noch abzuwarten wie sich die Kombination am Nachthimmel schl\u00e4gt. Da die Montierung (noch) nicht motorisiert ist, werde ich mich wohl vorerst auf sehr helle Objekte (MOND) beschr\u00e4nken m\u00fcssen. <\/p>\n\n\n\n<p>Ich hatte das Ding ja nun schon ein paar Wochen in der Wohnung herumstehen und habe nat\u00fcrlich schon durch das Fenster diverse Versuche unternommen. Dabei hat sich gezeigt was Temperaturunterschiede f\u00fcr die Optik bedeuten. Ich hatte das Teleskop am Fenster aufgestellt. Au\u00dfentemperatur ca. -5\u00b0C, Innentemperatur kuschlige 20\u00b0C. Als ich dann das Fenster \u00f6ffnete um ein paar Fotos vom Mond zu machen, war es mir absolut unm\u00f6glich scharf zu stellen. Ein stetiges Auf und Ab der Sch\u00e4rfe hat mich fast wahnsinnig gemacht. Ich dachte zuerst, dass ich einfach zu dumm bin, oder einen Fehler in der Adaption der Kamera habe. Aber irgendwann habe ich realisiert, dass das Flimmern der Luft, die von innen nach au\u00dfen str\u00f6mt ein Scharfstellen einfach unm\u00f6glich macht. <\/p>\n\n\n\n<p>Damit war klar, dass ich das n\u00e4chste mal am besten direkt drau\u00dfen mit dem Teleskop arbeiten sollte. Also Wetter und Mondphase checken&#8230;. Bingo! ein Supervollmond steht am 08.04. an und das Wetter k\u00f6nnte nicht besser sein.<\/p>\n\n\n\n<blockquote class=\"wp-block-quote is-layout-flow wp-block-quote-is-layout-flow\"><p><strong><em>Definition Supermond: Neu- oder Vollmond der weniger als 360.000 km von der Erde entfernt ist. Hierbei ist der Mond etwa 7% gr\u00f6\u00dfer als im Durchschnitt. Durch die daraus resultierende Vergr\u00f6\u00dferung der Fl\u00e4che um etwa 30% wird auch etwa 30% mehr Sonnenlicht reflektiert. <\/em><\/strong><\/p><\/blockquote>\n\n\n\n<p>Also ideale Bedingungen um ohne Nachf\u00fchrung durch ein Teleskop zu fotografieren. Da das Wetter besonders sch\u00f6n und warm werden soll, hab ich das Teleskop schon fr\u00fchzeitig in den Garten geschafft und abk\u00fchlen lassen.<\/p>\n\n\n\n<p>Als erstes habe ich das 20mm Okular ausprobiert, ohne Kamera. Das war schon echt beeindruckend. Leider merkt man recht schnell wie einem ohne Mondfilter langsam die Netzhaut wegschmilzt, aber der Anblick l\u00e4sst einen den Schmerz vergessen. Selbst feinste Details sind sichtbar und wirken gestochen scharf. Es macht sich leider auch recht schnell bemerkbar, dass man an den Okularen nicht zu sehr sparen sollte. Die \u00d6ffnung ist relativ klein und zeigt im Randbereich extreme Verzerrungen und chromatische Aberration. Aber das Zentrum ist schon spitze!<\/p>\n\n\n\n<p>Als n\u00e4chstes das 8mm Okular. Hier wird es dann wirklich schwer noch etwas zu erkennen. Die \u00d6ffnung ist gef\u00fchlt stecknadelgro\u00df und extrem blickwinkelabh\u00e4ngig. Man muss sich schon sehr viel M\u00fche geben genau im richtigen Winkel hinein zu sehen. Und selbst dann ist kaum ein scharfer Bereich auszumachen. Au\u00dferdem macht sich bei dieser Vergr\u00f6\u00dferung auch bemerkbar wie schnell man sich relativ zum Mond dreht. Ohne Nachf\u00fchrung bewegt er sich schon ganz sch\u00f6n schnell durchs Blickfeld. <\/p>\n\n\n\n<p>Also n\u00e4chstes dann mal Probieren wie das Ganze durch die Kamera aussieht. <\/p>\n\n\n\n<p>Es gibt prinzipiell zwei Methoden die Kamera an ein Teleskop anzuschlie\u00dfen. <\/p>\n\n\n\n<p><strong>Fokal:<\/strong> Man schlie\u00dft die Kamera direkt an das Teleskop an, ohne Okular. Damit kommt man auf die effektive Brennweite des Teleskops. In diesem Fall also 900mm. Da sich hier keine weiteren optischen Elemente zwischen Sensor und Spiegel befinden, erhoffe ich mir die beste Bildqualit\u00e4t. Da sich hier auch keine Linsen zum Einsatz kommen, ist auch kein Fehler in der Brechung der verschiedenen Farben zu erwarten. Soll hei\u00dfen, keine chromatische Aberration. <\/p>\n\n\n\n<p>Schon tags\u00fcber zeigten sich die ersten Probleme bei der Adaption. Mein Adapter von Sony E-Mount auf T2 und von T2 auf 1,25&#8243; Okularauszug zusammengeschraubt, alles montiert und versucht scharf zu stellen. Keine Chance&#8230; Irgendwie scheint sich das nicht im richtigen Abstand zu befinden. Dann habe ich gemerkt, dass zwischen der Okularhalterung und dem Auszug noch eine Art Abstandsh\u00fclse eingeschraubt war. Nachdem ich diese entfernt habe, lie\u00df es sich auch scharf stellen. <\/p>\n\n\n\n<p>Nachdem ich oben schon von der fiesen Vignettierung bei Vollformat geschrieben habe, gehe ich gleich mit der A5100 mit APS-C Sensor ins Rennen. somit komme ich auch gleich auf etwa 1350mm Brennweite. <\/p>\n\n\n\n<p>Da so ein Supermond recht hell ist, und die 114mm Durchmesser einiges an Licht sammeln, kommt man auf angenehm kurze Belichtungszeiten. Bei ISO 100 ist schon bei etwa 1\/250 sek eine ordentlich Belichtung m\u00f6glich. <\/p>\n\n\n\n<figure class=\"wp-block-image size-large\"><img data-recalc-dims=\"1\" loading=\"lazy\" decoding=\"async\" width=\"924\" height=\"616\" src=\"https:\/\/i0.wp.com\/photonensammler.info\/wp-content\/uploads\/2020\/05\/DSC09524.jpg?resize=924%2C616&#038;ssl=1\" alt=\"\" class=\"wp-image-144\" srcset=\"https:\/\/i0.wp.com\/photonensammler.info\/wp-content\/uploads\/2020\/05\/DSC09524.jpg?resize=1024%2C683&amp;ssl=1 1024w, https:\/\/i0.wp.com\/photonensammler.info\/wp-content\/uploads\/2020\/05\/DSC09524.jpg?resize=300%2C200&amp;ssl=1 300w, https:\/\/i0.wp.com\/photonensammler.info\/wp-content\/uploads\/2020\/05\/DSC09524.jpg?resize=768%2C512&amp;ssl=1 768w, https:\/\/i0.wp.com\/photonensammler.info\/wp-content\/uploads\/2020\/05\/DSC09524.jpg?resize=1536%2C1024&amp;ssl=1 1536w, https:\/\/i0.wp.com\/photonensammler.info\/wp-content\/uploads\/2020\/05\/DSC09524.jpg?resize=924%2C616&amp;ssl=1 924w, https:\/\/i0.wp.com\/photonensammler.info\/wp-content\/uploads\/2020\/05\/DSC09524.jpg?resize=671%2C447&amp;ssl=1 671w, https:\/\/i0.wp.com\/photonensammler.info\/wp-content\/uploads\/2020\/05\/DSC09524.jpg?w=2048&amp;ssl=1 2048w, https:\/\/i0.wp.com\/photonensammler.info\/wp-content\/uploads\/2020\/05\/DSC09524.jpg?w=1848&amp;ssl=1 1848w\" sizes=\"auto, (max-width: 924px) 100vw, 924px\" \/><figcaption>Ohne Crop an APS-C bei 1350mm Brennweite<\/figcaption><\/figure>\n\n\n\n<p>Ohne Crop schon ganz sch\u00f6n nah dran. Im 100% Crop bei 24MP sieht das Ganze dann so aus:<\/p>\n\n\n\n<figure class=\"wp-block-image size-large\"><img data-recalc-dims=\"1\" loading=\"lazy\" decoding=\"async\" width=\"540\" height=\"508\" src=\"https:\/\/i0.wp.com\/photonensammler.info\/wp-content\/uploads\/2020\/05\/20728939-D6A6-423D-A9E9-39F173A9DE17.jpeg?resize=540%2C508&#038;ssl=1\" alt=\"\" class=\"wp-image-145\" srcset=\"https:\/\/i0.wp.com\/photonensammler.info\/wp-content\/uploads\/2020\/05\/20728939-D6A6-423D-A9E9-39F173A9DE17.jpeg?w=540&amp;ssl=1 540w, https:\/\/i0.wp.com\/photonensammler.info\/wp-content\/uploads\/2020\/05\/20728939-D6A6-423D-A9E9-39F173A9DE17.jpeg?resize=300%2C282&amp;ssl=1 300w\" sizes=\"auto, (max-width: 540px) 100vw, 540px\" \/><figcaption>100% crop<\/figcaption><\/figure>\n\n\n\n<p>Das ist schon echt super! Wie erwartet, keine Chromatische Aberration und auch wenn der Mond am Bildrand steht, ist keine Verzerrung oder andere Bildfehler zu erkennen. <\/p>\n\n\n\n<p>Jetzt versuchen wir mal noch etwas n\u00e4her ran zu kommen. Dabei verwende ich die zweite Methode zur Adaption. <\/p>\n\n\n\n<p><strong>Okularprojektion: <\/strong>Hierbei wird ein Adapter verwendet der ein Okular aufnimmt. Davor wird dann die Kamera montiert, welche das Bild aus dem Okular bezieht. Gerade durch meine recht g\u00fcnstigen Okulare sind hier keine besonders tollen Ergebnisse zu erwarten. Gerade im Randbereich sind starke Verzerrungen und fiese chromatische Aberrationen zu erwarten. <\/p>\n\n\n\n<p>Meine Erwartungen werden auch leider erf\u00fcllt. Hier das Ergebnis mit dem 20mm Okular:<\/p>\n\n\n\n<figure class=\"wp-block-image size-large\"><img data-recalc-dims=\"1\" loading=\"lazy\" decoding=\"async\" width=\"924\" height=\"616\" src=\"https:\/\/i0.wp.com\/photonensammler.info\/wp-content\/uploads\/2020\/05\/DSC09146.jpg?resize=924%2C616&#038;ssl=1\" alt=\"\" class=\"wp-image-147\" srcset=\"https:\/\/i0.wp.com\/photonensammler.info\/wp-content\/uploads\/2020\/05\/DSC09146.jpg?resize=1024%2C683&amp;ssl=1 1024w, https:\/\/i0.wp.com\/photonensammler.info\/wp-content\/uploads\/2020\/05\/DSC09146.jpg?resize=300%2C200&amp;ssl=1 300w, https:\/\/i0.wp.com\/photonensammler.info\/wp-content\/uploads\/2020\/05\/DSC09146.jpg?resize=768%2C512&amp;ssl=1 768w, https:\/\/i0.wp.com\/photonensammler.info\/wp-content\/uploads\/2020\/05\/DSC09146.jpg?resize=1536%2C1024&amp;ssl=1 1536w, https:\/\/i0.wp.com\/photonensammler.info\/wp-content\/uploads\/2020\/05\/DSC09146.jpg?resize=924%2C616&amp;ssl=1 924w, https:\/\/i0.wp.com\/photonensammler.info\/wp-content\/uploads\/2020\/05\/DSC09146.jpg?resize=671%2C447&amp;ssl=1 671w, https:\/\/i0.wp.com\/photonensammler.info\/wp-content\/uploads\/2020\/05\/DSC09146.jpg?w=2048&amp;ssl=1 2048w, https:\/\/i0.wp.com\/photonensammler.info\/wp-content\/uploads\/2020\/05\/DSC09146.jpg?w=1848&amp;ssl=1 1848w\" sizes=\"auto, (max-width: 924px) 100vw, 924px\" \/><figcaption>Okularprojektion an 20mm Pl\u00f6ssel<\/figcaption><\/figure>\n\n\n\n<p>Hier in 100% Crop<\/p>\n\n\n\n<figure class=\"wp-block-image size-large\"><img data-recalc-dims=\"1\" loading=\"lazy\" decoding=\"async\" width=\"540\" height=\"508\" src=\"https:\/\/i0.wp.com\/photonensammler.info\/wp-content\/uploads\/2020\/05\/4F056D96-5749-4C2A-BB3F-B0606B73E03B.jpeg?resize=540%2C508&#038;ssl=1\" alt=\"\" class=\"wp-image-148\" srcset=\"https:\/\/i0.wp.com\/photonensammler.info\/wp-content\/uploads\/2020\/05\/4F056D96-5749-4C2A-BB3F-B0606B73E03B.jpeg?w=540&amp;ssl=1 540w, https:\/\/i0.wp.com\/photonensammler.info\/wp-content\/uploads\/2020\/05\/4F056D96-5749-4C2A-BB3F-B0606B73E03B.jpeg?resize=300%2C282&amp;ssl=1 300w\" sizes=\"auto, (max-width: 540px) 100vw, 540px\" \/><figcaption>Okularprojektion 100% Crop<\/figcaption><\/figure>\n\n\n\n<p>\u00dcble Blauverschiebung, schlimme Vignetierung und Verzerrungen im Randbereich. Leider nicht besonders ansehnlich&#8230; Au\u00dferdem schluckt das Okular auch einiges an Licht. Hier sind wir schon bei ISO 400 und 1\/100 sek. <\/p>\n\n\n\n<p>Aber gut, wenn wir schonmal dabei sind, dann auch noch 8mm Okular. <\/p>\n\n\n\n<p>Jetzt kommt man ohne starke Erh\u00f6hung der ISO nicht mehr an genug Licht. Bei ISO 6400 und 1\/60 sek sieht das Ganze dann so aus:<\/p>\n\n\n\n<figure class=\"wp-block-image size-large\"><img data-recalc-dims=\"1\" loading=\"lazy\" decoding=\"async\" width=\"924\" height=\"616\" src=\"https:\/\/i0.wp.com\/photonensammler.info\/wp-content\/uploads\/2020\/05\/DSC09514.jpg?resize=924%2C616&#038;ssl=1\" alt=\"\" class=\"wp-image-149\" srcset=\"https:\/\/i0.wp.com\/photonensammler.info\/wp-content\/uploads\/2020\/05\/DSC09514.jpg?resize=1024%2C683&amp;ssl=1 1024w, https:\/\/i0.wp.com\/photonensammler.info\/wp-content\/uploads\/2020\/05\/DSC09514.jpg?resize=300%2C200&amp;ssl=1 300w, https:\/\/i0.wp.com\/photonensammler.info\/wp-content\/uploads\/2020\/05\/DSC09514.jpg?resize=768%2C512&amp;ssl=1 768w, https:\/\/i0.wp.com\/photonensammler.info\/wp-content\/uploads\/2020\/05\/DSC09514.jpg?resize=1536%2C1024&amp;ssl=1 1536w, https:\/\/i0.wp.com\/photonensammler.info\/wp-content\/uploads\/2020\/05\/DSC09514.jpg?resize=924%2C616&amp;ssl=1 924w, https:\/\/i0.wp.com\/photonensammler.info\/wp-content\/uploads\/2020\/05\/DSC09514.jpg?resize=671%2C447&amp;ssl=1 671w, https:\/\/i0.wp.com\/photonensammler.info\/wp-content\/uploads\/2020\/05\/DSC09514.jpg?w=2048&amp;ssl=1 2048w, https:\/\/i0.wp.com\/photonensammler.info\/wp-content\/uploads\/2020\/05\/DSC09514.jpg?w=1848&amp;ssl=1 1848w\" sizes=\"auto, (max-width: 924px) 100vw, 924px\" \/><figcaption>8mm Pl\u00f6ssel &#8211; kein Crop<\/figcaption><\/figure>\n\n\n\n<p>Der Vollst\u00e4ndigkeit halber, hier noch als 100% Crop. <\/p>\n\n\n\n<figure class=\"wp-block-image size-large\"><img data-recalc-dims=\"1\" loading=\"lazy\" decoding=\"async\" width=\"888\" height=\"836\" src=\"https:\/\/i0.wp.com\/photonensammler.info\/wp-content\/uploads\/2020\/05\/9F6BE1D6-442B-47CA-B213-33CFD6DA8DD4.jpeg?resize=888%2C836&#038;ssl=1\" alt=\"\" class=\"wp-image-150\" srcset=\"https:\/\/i0.wp.com\/photonensammler.info\/wp-content\/uploads\/2020\/05\/9F6BE1D6-442B-47CA-B213-33CFD6DA8DD4.jpeg?w=888&amp;ssl=1 888w, https:\/\/i0.wp.com\/photonensammler.info\/wp-content\/uploads\/2020\/05\/9F6BE1D6-442B-47CA-B213-33CFD6DA8DD4.jpeg?resize=300%2C282&amp;ssl=1 300w, https:\/\/i0.wp.com\/photonensammler.info\/wp-content\/uploads\/2020\/05\/9F6BE1D6-442B-47CA-B213-33CFD6DA8DD4.jpeg?resize=768%2C723&amp;ssl=1 768w, https:\/\/i0.wp.com\/photonensammler.info\/wp-content\/uploads\/2020\/05\/9F6BE1D6-442B-47CA-B213-33CFD6DA8DD4.jpeg?resize=671%2C632&amp;ssl=1 671w\" sizes=\"auto, (max-width: 888px) 100vw, 888px\" \/><\/figure>\n\n\n\n<p>Naja, man hat es mal gesehen, aber praktikabel ist das nicht mehr. Da m\u00fcssen entweder bessere Okulare her, oder ich bleibe bei der Fokalen Projektion. <\/p>\n\n\n\n<p>Um andere Dinge als den Mond zu fotografieren bleibt jedoch weiterhin das Problem der fehlenden Nachf\u00fchrung. ohne die ist nichts mit &gt; 1\/100 Sek zu machen. <\/p>\n\n\n\n<p>Dann kommt bei ISO 6400 und 25 Sekunden Belichtung auf einen Stern  leider nur sowas raus: <\/p>\n\n\n\n<figure class=\"wp-block-image size-large\"><img data-recalc-dims=\"1\" loading=\"lazy\" decoding=\"async\" width=\"924\" height=\"616\" src=\"https:\/\/i0.wp.com\/photonensammler.info\/wp-content\/uploads\/2020\/05\/DSC09520.jpg?resize=924%2C616&#038;ssl=1\" alt=\"\" class=\"wp-image-151\" srcset=\"https:\/\/i0.wp.com\/photonensammler.info\/wp-content\/uploads\/2020\/05\/DSC09520.jpg?resize=1024%2C683&amp;ssl=1 1024w, https:\/\/i0.wp.com\/photonensammler.info\/wp-content\/uploads\/2020\/05\/DSC09520.jpg?resize=300%2C200&amp;ssl=1 300w, https:\/\/i0.wp.com\/photonensammler.info\/wp-content\/uploads\/2020\/05\/DSC09520.jpg?resize=768%2C512&amp;ssl=1 768w, https:\/\/i0.wp.com\/photonensammler.info\/wp-content\/uploads\/2020\/05\/DSC09520.jpg?resize=1536%2C1024&amp;ssl=1 1536w, https:\/\/i0.wp.com\/photonensammler.info\/wp-content\/uploads\/2020\/05\/DSC09520.jpg?resize=924%2C616&amp;ssl=1 924w, https:\/\/i0.wp.com\/photonensammler.info\/wp-content\/uploads\/2020\/05\/DSC09520.jpg?resize=671%2C447&amp;ssl=1 671w, https:\/\/i0.wp.com\/photonensammler.info\/wp-content\/uploads\/2020\/05\/DSC09520.jpg?w=2048&amp;ssl=1 2048w, https:\/\/i0.wp.com\/photonensammler.info\/wp-content\/uploads\/2020\/05\/DSC09520.jpg?w=1848&amp;ssl=1 1848w\" sizes=\"auto, (max-width: 924px) 100vw, 924px\" \/><\/figure>\n\n\n\n<p>Vielleicht sollte ich mir in der Zwischenzeit erst mal die Sonne ansehen, daf\u00fcr muss ich mir aber erst einen ordentlichen Filter bauen. Bericht folgt&#8230;  <\/p>\n","protected":false},"excerpt":{"rendered":"<p>So, also hab ich nun ein eigenes Teleskop. Wollen wir also mal sehen was man damit so anstellen kann. Erstmal bei Tageslicht mit der Kamera Testen was 900mm Brennweite eigentlich bedeutet. Bisher hatte ich maximal 400mm Brennweite zur Verf\u00fcgung. Also hab ich das Ger\u00e4t erstmal mit einem T2 Adapter an die Sony a7 und meine [&hellip;]<\/p>\n","protected":false},"author":1,"featured_media":169,"comment_status":"open","ping_status":"open","sticky":false,"template":"","format":"standard","meta":{"_jetpack_memberships_contains_paid_content":false,"footnotes":""},"categories":[6,11,14],"tags":[],"class_list":["post-121","post","type-post","status-publish","format-standard","has-post-thumbnail","hentry","category-astro","category-blog","category-teleskop"],"jetpack_featured_media_url":"https:\/\/i0.wp.com\/photonensammler.info\/wp-content\/uploads\/2020\/05\/ebc978ee-6e44-4162-9df9-a0ed318862da.png?fit=1640%2C624&ssl=1","jetpack_sharing_enabled":true,"_links":{"self":[{"href":"https:\/\/photonensammler.info\/index.php?rest_route=\/wp\/v2\/posts\/121","targetHints":{"allow":["GET"]}}],"collection":[{"href":"https:\/\/photonensammler.info\/index.php?rest_route=\/wp\/v2\/posts"}],"about":[{"href":"https:\/\/photonensammler.info\/index.php?rest_route=\/wp\/v2\/types\/post"}],"author":[{"embeddable":true,"href":"https:\/\/photonensammler.info\/index.php?rest_route=\/wp\/v2\/users\/1"}],"replies":[{"embeddable":true,"href":"https:\/\/photonensammler.info\/index.php?rest_route=%2Fwp%2Fv2%2Fcomments&post=121"}],"version-history":[{"count":12,"href":"https:\/\/photonensammler.info\/index.php?rest_route=\/wp\/v2\/posts\/121\/revisions"}],"predecessor-version":[{"id":168,"href":"https:\/\/photonensammler.info\/index.php?rest_route=\/wp\/v2\/posts\/121\/revisions\/168"}],"wp:featuredmedia":[{"embeddable":true,"href":"https:\/\/photonensammler.info\/index.php?rest_route=\/wp\/v2\/media\/169"}],"wp:attachment":[{"href":"https:\/\/photonensammler.info\/index.php?rest_route=%2Fwp%2Fv2%2Fmedia&parent=121"}],"wp:term":[{"taxonomy":"category","embeddable":true,"href":"https:\/\/photonensammler.info\/index.php?rest_route=%2Fwp%2Fv2%2Fcategories&post=121"},{"taxonomy":"post_tag","embeddable":true,"href":"https:\/\/photonensammler.info\/index.php?rest_route=%2Fwp%2Fv2%2Ftags&post=121"}],"curies":[{"name":"wp","href":"https:\/\/api.w.org\/{rel}","templated":true}]}}